{"id":989348,"date":"2024-05-28T18:48:43","date_gmt":"2024-05-28T18:48:43","guid":{"rendered":"https:\/\/gminfo.eti.br\/alvespereira\/?p=989348"},"modified":"2024-05-28T18:48:43","modified_gmt":"2024-05-28T18:48:43","slug":"constituicao-e-prisao-perpetua-anotacoes-sobre-o-artigo-77-do-estatuto-de-roma-boletim-do-ibccrim","status":"publish","type":"post","link":"https:\/\/draadvogados.com\/en\/constituicao-e-prisao-perpetua-anotacoes-sobre-o-artigo-77-do-estatuto-de-roma-boletim-do-ibccrim\/","title":{"rendered":"Constitui\u00e7\u00e3o e pris\u00e3o perp\u00e9tua: anota\u00e7\u00f5es sobre o artigo 77 do Estatuto de Roma. Boletim do IBCCRIM"},"content":{"rendered":"<div class=\"vgblk-rw-wrapper limit-wrapper\">\n<p><a href=\"https:\/\/arquivo.ibccrim.org.br\/boletim_artigos\/363-321-Agosto2019\">https:\/\/arquivo.ibccrim.org.br\/boletim_artigos\/363-321-Agosto2019<\/a><\/p>\n<\/div><!-- .vgblk-rw-wrapper -->","protected":false},"excerpt":{"rendered":"<p>https:\/\/arquivo.ibccrim.org.br\/boletim_artigos\/363-321-Agosto2019<\/p>","protected":false},"author":1,"featured_media":989307,"comment_status":"open","ping_status":"open","sticky":false,"template":"","format":"standard","meta":{"footnotes":""},"categories":[92],"tags":[],"class_list":["post-989348","post","type-post","status-publish","format-standard","has-post-thumbnail","hentry","category-artigos"],"_links":{"self":[{"href":"https:\/\/draadvogados.com\/en\/wp-json\/wp\/v2\/posts\/989348","targetHints":{"allow":["GET"]}}],"collection":[{"href":"https:\/\/draadvogados.com\/en\/wp-json\/wp\/v2\/posts"}],"about":[{"href":"https:\/\/draadvogados.com\/en\/wp-json\/wp\/v2\/types\/post"}],"author":[{"embeddable":true,"href":"https:\/\/draadvogados.com\/en\/wp-json\/wp\/v2\/users\/1"}],"replies":[{"embeddable":true,"href":"https:\/\/draadvogados.com\/en\/wp-json\/wp\/v2\/comments?post=989348"}],"version-history":[{"count":1,"href":"https:\/\/draadvogados.com\/en\/wp-json\/wp\/v2\/posts\/989348\/revisions"}],"predecessor-version":[{"id":989350,"href":"https:\/\/draadvogados.com\/en\/wp-json\/wp\/v2\/posts\/989348\/revisions\/989350"}],"wp:featuredmedia":[{"embeddable":true,"href":"https:\/\/draadvogados.com\/en\/wp-json\/wp\/v2\/media\/989307"}],"wp:attachment":[{"href":"https:\/\/draadvogados.com\/en\/wp-json\/wp\/v2\/media?parent=989348"}],"wp:term":[{"taxonomy":"category","embeddable":true,"href":"https:\/\/draadvogados.com\/en\/wp-json\/wp\/v2\/categories?post=989348"},{"taxonomy":"post_tag","embeddable":true,"href":"https:\/\/draadvogados.com\/en\/wp-json\/wp\/v2\/tags?post=989348"}],"curies":[{"name":"wp","href":"https:\/\/api.w.org\/{rel}","templated":true}]}}